{"id":1380,"date":"2026-03-25T21:38:50","date_gmt":"2026-03-25T20:38:50","guid":{"rendered":"https:\/\/www.liceoprati.it\/?p=1380"},"modified":"2026-04-11T08:15:19","modified_gmt":"2026-04-11T06:15:19","slug":"laboratorio-di-fotografia","status":"publish","type":"post","link":"https:\/\/www.liceoprati.it\/index.php\/2026\/03\/25\/laboratorio-di-fotografia\/","title":{"rendered":"Laboratorio di fotografia"},"content":{"rendered":"<div>Anche quest&#8217;anno parte il gruppo di fotografia del Liceo Prati (31 marzo-26 maggio).<br \/>\nI partecipanti saranno avviati alla ideazione e alla tecnica della fotografia da <b>Paolo Sandri<\/b>, fotografo paesaggista e d&#8217;architettura.<\/div>\n<div>Il tema proposto quest&#8217;anno \u00e8\u00a0<b>Forme della citt\u00e0.<\/b><\/div>\n<div>Attraverso la fotografia si esplorer\u00e0 la natura della citt\u00e0, la sua complessit\u00e0, si racconter\u00e0 come ciascuno dei partecipanti vive la citt\u00e0: Trento, o qualsiasi luogo dell&#8217;abitare e del vivere.<\/div>\n<div>Al termine del percorso i partecipanti stessi sceglieranno le loro fotografie migliori da esporre nella scuola e al pubblico.<\/div>\n<div>Iscrizioni entro sabato 28 marzo tramite il QRcode\u00a0che trovate nella locandina.<\/div>\n","protected":false},"excerpt":{"rendered":"<p>Anche quest&#8217;anno parte il gruppo di fotografia del Liceo Prati (31 marzo-26 maggio). I partecipanti saranno avviati alla ideazione e alla tecnica della fotografia da Paolo Sandri, fotografo paesaggista e d&#8217;architettura. Il tema proposto quest&#8217;anno \u00e8\u00a0Forme [&hellip;]<\/p>\n","protected":false},"author":39,"featured_media":1381,"comment_status":"closed","ping_status":"open","sticky":false,"template":"","format":"standard","meta":{"footnotes":""},"tags":[],"class_list":["post-1380","post","type-post","status-publish","format-standard","has-post-thumbnail","hentry","tipologia-articolo-iniziative"],"_links":{"self":[{"href":"https:\/\/www.liceoprati.it\/index.php\/wp-json\/wp\/v2\/posts\/1380","targetHints":{"allow":["GET"]}}],"collection":[{"href":"https:\/\/www.liceoprati.it\/index.php\/wp-json\/wp\/v2\/posts"}],"about":[{"href":"https:\/\/www.liceoprati.it\/index.php\/wp-json\/wp\/v2\/types\/post"}],"author":[{"embeddable":true,"href":"https:\/\/www.liceoprati.it\/index.php\/wp-json\/wp\/v2\/users\/39"}],"replies":[{"embeddable":true,"href":"https:\/\/www.liceoprati.it\/index.php\/wp-json\/wp\/v2\/comments?post=1380"}],"version-history":[{"count":2,"href":"https:\/\/www.liceoprati.it\/index.php\/wp-json\/wp\/v2\/posts\/1380\/revisions"}],"predecessor-version":[{"id":1384,"href":"https:\/\/www.liceoprati.it\/index.php\/wp-json\/wp\/v2\/posts\/1380\/revisions\/1384"}],"wp:featuredmedia":[{"embeddable":true,"href":"https:\/\/www.liceoprati.it\/index.php\/wp-json\/wp\/v2\/media\/1381"}],"wp:attachment":[{"href":"https:\/\/www.liceoprati.it\/index.php\/wp-json\/wp\/v2\/media?parent=1380"}],"wp:term":[{"taxonomy":"post_tag","embeddable":true,"href":"https:\/\/www.liceoprati.it\/index.php\/wp-json\/wp\/v2\/tags?post=1380"}],"curies":[{"name":"wp","href":"https:\/\/api.w.org\/{rel}","templated":true}]}}